{"id":118,"date":"2013-06-04T09:58:32","date_gmt":"2013-06-04T09:58:32","guid":{"rendered":"https:\/\/tratamiento-ansiedad-depresion.com\/blog\/?p=118"},"modified":"2013-06-04T09:58:32","modified_gmt":"2013-06-04T09:58:32","slug":"ansiedad-en-las-redes-sociales","status":"publish","type":"post","link":"https:\/\/tratamiento-ansiedad-depresion.com\/blog\/tratamientos\/ansiedad-en-las-redes-sociales\/","title":{"rendered":"Ansiedad en las redes sociales"},"content":{"rendered":"<h1 style=\"text-align: center;\">Ansiedad en las redes sociales<\/h1>\n<p>&nbsp;<\/p>\n<p style=\"text-align: justify;\">Es un hecho innegable que las redes sociales han marcado un antes y un despu\u00e9s en la vida de las personas, los medios de comunicaci\u00f3n e internet.\u00a0 antes de nada veamos unos datos &#8230; cada segundo se producen 9.000 comentarios en Twitter y se registran 140.000 nuevas cuentas cada d\u00eda, Facebook posee quinientos millones de usuarios que generan cuatro mil millones de mensajes, por otro lado, en Youtube se suben 72 horas de v\u00eddeo al minuto. Todas estas cifras lo que nos muestran es el impacto social que estas nuevas redes de comunicaci\u00f3n est\u00e1n causando en la poblaci\u00f3n.\u00a0 \u00bfPero qu\u00e9 hacemos con toda esta informaci\u00f3n que est\u00e1 a nuestro alcance? \u00bfC\u00f3mo gestionamos tanta informaci\u00f3n y qu\u00e9 impacto nos acaba causando?<\/p>\n<h2 style=\"text-align: justify;\">La privacidad en las redes sociales<\/h2>\n<p style=\"text-align: justify;\">\u00c9ste es uno de los aspectos m\u00e1s importantes y que m\u00e1s controversia est\u00e1 generando desde que aparecieron. \u00bfLo que yo cuelgo en la red qui\u00e9n lo ve? \u00bfC\u00f3mo funcionan los filtros de privacidad, qu\u00e9 pasa si yo quiero borrar algo? Facebook varias veces ha cambiado sus pol\u00edticas de privacidad, y no hemos de olvidar que funciona bajo la legislaci\u00f3n de Estados Unidos que no es la misma que existe en el resto del mundo. Sabemos realmente el alcance de nuestra informaci\u00f3n publicada? nos sentimos seguros, o simplemente miramos de no pensar en ello.<\/p>\n<p style=\"text-align: justify;\"><a href=\"https:\/\/tratamiento-ansiedad-depresion.com\/blog\/wp-content\/uploads\/2013\/06\/redes-sociales-ansiedad.jpg\"><img loading=\"lazy\" decoding=\"async\" class=\"size-medium wp-image-129 aligncenter\" alt=\"La ansiedad en las redes sociales\" src=\"https:\/\/tratamiento-ansiedad-depresion.com\/blog\/wp-content\/uploads\/2013\/06\/redes-sociales-ansiedad-300x258.jpg\" width=\"300\" height=\"258\" srcset=\"https:\/\/tratamiento-ansiedad-depresion.com\/blog\/wp-content\/uploads\/2013\/06\/redes-sociales-ansiedad-300x258.jpg 300w, https:\/\/tratamiento-ansiedad-depresion.com\/blog\/wp-content\/uploads\/2013\/06\/redes-sociales-ansiedad.jpg 447w\" sizes=\"(max-width: 300px) 100vw, 300px\" \/><\/a><\/p>\n<h2 style=\"text-align: justify;\">C\u00f3mo las redes sociales son fuente de ansiedad<\/h2>\n<p style=\"text-align: justify;\">En muchos casos las redes sociales han pasado de ser una fuente de distracci\u00f3n y contacto social a una fuente de estr\u00e9s y control social. En ocasiones porque hemos subido a la red demasiada informaci\u00f3n personal y nos damos cuenta demasiado tarde que a personas a las que no nos interesaba llegar les hemos dado informaci\u00f3n personal nuestra que nos pone en apuros. Comienza a ser una norma que directores de departamento en grandes empresas saben qu\u00e9 han hecho sus trabajadores el fin de semana, ya que esa informaci\u00f3n la han colgado libremente los mismos trabajadores.<\/p>\n<p style=\"text-align: justify;\">Por otro lado hay el perfil de persona m\u00e1s ansiosa y controladora que es \u00abadicta\u00bb a saber qu\u00e9 hacen sus conocidos, y en concreto la pareja, con qui\u00e9n habla? qui\u00e9n es el que le ha Twitteado, porqu\u00e9 has comentado esto u lo otro? Personas que entran en la cuenta de la pareja para \u00abvigilar\u00bb el uso de la red social que est\u00e1 haciendo, o para saber qu\u00e9 amigos tiene&#8230;el claro ejemplo lo tenemos tras las rupturas de pareja, en las que las redes sociales se convierten en una herramienta para da\u00f1ar al otro.<\/p>\n<p style=\"text-align: justify;\">Tambi\u00e9n nos podemos encontrar con el perfil m\u00e1s impulsivo de usuario de las redes sociales, el cual en una arrebato de ira, angustia o simplemente enfado Twittea un comentario o una opini\u00f3n personal que acaba expandi\u00e9ndose por la red como la p\u00f3lvora, especialmente si es un personaje p\u00fablico, en estos casos una mala actuaci\u00f3n acaba generando muchos problemas a la persona, y por muchas rectificaciones y disculpas que pueda comentar a posteriori el da\u00f1o en la red ya est\u00e1 hecho.<\/p>\n<h3 style=\"text-align: justify;\">Atrapados en la red<\/h3>\n<p style=\"text-align: justify;\">Aqu\u00ed os dejamos un fragmento del programa Ca\u00e7atuits de UPF.radio \u00abAtrapados en la Red\u00bb dedicado especialmente a las redes sociales y los peligros de privacidad de las redes. En la entrevista participa brevemente Rub\u00e9n Blasco, director de los\u00a0 centros <a title=\"Tratamiento ansiedad depresi\u00f3n\" href=\"http:\/\/tratamiento-ansiedad-depresion.com\" target=\"_blank\">Tratamiento Ansiedad Depresi\u00f3n<\/a> y <a title=\"Psic\u00f3logo especialista Barcelona\" href=\"http:\/\/psicologo-especialista-barcelona.com\" target=\"_blank\">Psic\u00f3logo especialista Barcelona<\/a>,. Espero que os interese.<\/p>\n<p><object width=\"422\" height=\"94\" classid=\"clsid:d27cdb6e-ae6d-11cf-96b8-444553540000\" codebase=\"http:\/\/download.macromedia.com\/pub\/shockwave\/cabs\/flash\/swflash.cab#version=6,0,40,0\"><param name=\"allowFullScreen\" value=\"true\" \/><param name=\"allowscriptaccess\" value=\"always\" \/><param name=\"wmode\" value=\"transparent\" \/><param name=\"src\" value=\"http:\/\/www.divshare.com\/flash\/audio_embed?data=YTo2OntzOjU6ImFwaUlkIjtzOjE6IjQiO3M6NjoiZmlsZUlkIjtzOjg6IjI0MTc2Mzk4IjtzOjQ6ImNvZGUiO3M6MTI6IjI0MTc2Mzk4LWUzNiI7czo2OiJ1c2VySWQiO3M6NzoiMjU5MzU0MSI7czoxMjoiZXh0ZXJuYWxDYWxsIjtpOjE7czo0OiJ0aW1lIjtpOjEzNzAyNTkzNDM7fQ==&amp;autoplay=default\" \/><param name=\"allowfullscreen\" value=\"true\" \/><embed width=\"422\" height=\"94\" type=\"application\/x-shockwave-flash\" src=\"http:\/\/www.divshare.com\/flash\/audio_embed?data=YTo2OntzOjU6ImFwaUlkIjtzOjE6IjQiO3M6NjoiZmlsZUlkIjtzOjg6IjI0MTc2Mzk4IjtzOjQ6ImNvZGUiO3M6MTI6IjI0MTc2Mzk4LWUzNiI7czo2OiJ1c2VySWQiO3M6NzoiMjU5MzU0MSI7czoxMjoiZXh0ZXJuYWxDYWxsIjtpOjE7czo0OiJ0aW1lIjtpOjEzNzAyNTkzNDM7fQ==&amp;autoplay=default\" allowFullScreen=\"true\" allowscriptaccess=\"always\" wmode=\"transparent\" allowfullscreen=\"true\" \/><\/object><\/p>\n<p>Rub\u00e9n Blasco, Psic\u00f3logo Colegiado N\u00ba 14830.\u00a0 M\u00e1s informaci\u00f3n en: <a title=\"Tratamiento ansiedad depresi\u00f3n\" href=\"http:\/\/tratamiento-ansiedad-depresion.com\" target=\"_blank\">tratamiento-ansiedad-depresion.com<\/a><\/p>\n","protected":false},"excerpt":{"rendered":"<p>Ansiedad en las redes sociales &nbsp; Es un hecho innegable que las redes sociales han marcado un antes y un despu\u00e9s en la vida de las personas, los medios de comunicaci\u00f3n e internet.\u00a0 antes de nada veamos unos datos &#8230; cada segundo se producen 9.000 comentarios en Twitter y se registran 140.000 nuevas cuentas cada &hellip; <\/p>\n<p><a class=\"more-link btn\" href=\"https:\/\/tratamiento-ansiedad-depresion.com\/blog\/tratamientos\/ansiedad-en-las-redes-sociales\/\">Continue reading<\/a><\/p>\n","protected":false},"author":1,"featured_media":0,"comment_status":"open","ping_status":"open","sticky":false,"template":"","format":"standard","meta":{"_monsterinsights_skip_tracking":false,"_monsterinsights_sitenote_active":false,"_monsterinsights_sitenote_note":"","_monsterinsights_sitenote_category":0,"footnotes":""},"categories":[3,1],"tags":[7,32,31,9],"class_list":["post-118","post","type-post","status-publish","format-standard","hentry","category-ansiedad","category-tratamientos","tag-ansiedad-2","tag-privacidad-en-las-redes-sociales","tag-redes-sociales","tag-tratamiento-ansiedad-depresion","item-wrap"],"aioseo_notices":[],"_links":{"self":[{"href":"https:\/\/tratamiento-ansiedad-depresion.com\/blog\/wp-json\/wp\/v2\/posts\/118"}],"collection":[{"href":"https:\/\/tratamiento-ansiedad-depresion.com\/blog\/wp-json\/wp\/v2\/posts"}],"about":[{"href":"https:\/\/tratamiento-ansiedad-depresion.com\/blog\/wp-json\/wp\/v2\/types\/post"}],"author":[{"embeddable":true,"href":"https:\/\/tratamiento-ansiedad-depresion.com\/blog\/wp-json\/wp\/v2\/users\/1"}],"replies":[{"embeddable":true,"href":"https:\/\/tratamiento-ansiedad-depresion.com\/blog\/wp-json\/wp\/v2\/comments?post=118"}],"version-history":[{"count":14,"href":"https:\/\/tratamiento-ansiedad-depresion.com\/blog\/wp-json\/wp\/v2\/posts\/118\/revisions"}],"predecessor-version":[{"id":133,"href":"https:\/\/tratamiento-ansiedad-depresion.com\/blog\/wp-json\/wp\/v2\/posts\/118\/revisions\/133"}],"wp:attachment":[{"href":"https:\/\/tratamiento-ansiedad-depresion.com\/blog\/wp-json\/wp\/v2\/media?parent=118"}],"wp:term":[{"taxonomy":"category","embeddable":true,"href":"https:\/\/tratamiento-ansiedad-depresion.com\/blog\/wp-json\/wp\/v2\/categories?post=118"},{"taxonomy":"post_tag","embeddable":true,"href":"https:\/\/tratamiento-ansiedad-depresion.com\/blog\/wp-json\/wp\/v2\/tags?post=118"}],"curies":[{"name":"wp","href":"https:\/\/api.w.org\/{rel}","templated":true}]}}